{"id":988,"date":"2020-01-19T18:41:45","date_gmt":"2020-01-19T17:41:45","guid":{"rendered":"https:\/\/www.fotografo-profesional.net\/diario\/?p=988"},"modified":"2020-01-19T18:41:48","modified_gmt":"2020-01-19T17:41:48","slug":"fotografias-del-banquete-de-boda","status":"publish","type":"post","link":"https:\/\/www.fotografo-profesional.net\/diario\/2020\/01\/19\/fotografias-del-banquete-de-boda\/","title":{"rendered":"Fotograf\u00edas del banquete de boda"},"content":{"rendered":"<p><img decoding=\"async\" class=\"size-full wp-image-993 aligncenter\" src=\"https:\/\/www.fotografo-profesional.net\/diario\/wp-content\/uploads\/2020\/01\/Fot\u00f3grafo-profesional-en-Madrid-LMC-0060.jpg\" alt=\"Fotograf\u00edas del banquete de boda\" width=\"600\" height=\"450\" srcset=\"https:\/\/www.fotografo-profesional.net\/diario\/wp-content\/uploads\/2020\/01\/Fot\u00f3grafo-profesional-en-Madrid-LMC-0060.jpg 600w, https:\/\/www.fotografo-profesional.net\/diario\/wp-content\/uploads\/2020\/01\/Fot\u00f3grafo-profesional-en-Madrid-LMC-0060-300x225.jpg 300w\" sizes=\"(max-width: 600px) 100vw, 600px\" \/><\/p>\n<p>No suelen faltar las fotograf\u00edas del banquete de boda en los reportajes que solicitan las parejas que van a contraer matrimonio. Si alguna de ellas tiene el presupuesto muy ajustado, lo que suele hacer es buscar un fot\u00f3grafo de bodas que sea barato para tener suficiente dinero con el que tener un reportaje de boda lo m\u00e1s completo posible.<\/p>\n<p>Hoy en d\u00eda, con la cantidad de fot\u00f3grafos profesionales que se dedican a documentar las bodas <strong>no es tarea demasiado dif\u00edcil encontrar alguno que ofrezca calidad a precios populares<\/strong>. \u00danicamente han de invertir m\u00e1s tiempo ojeando porfolios de todos los fot\u00f3grafos baratos cuya especialidad sean los reportajes de boda que encuentren.<br \/>\nAunque siempre, para apreciar mejor el trabajo de un fot\u00f3grafo, sea mejor examinar su trabajo en formato f\u00edsico (<a href=\"https:\/\/www.fotografo-profesional.net\/diario\/2019\/01\/14\/album-de-boda-en-madrid\/\"><span style=\"color: #33cccc;\"><em>\u00e1lbumes<\/em><\/span><\/a>) que verlos a resoluci\u00f3n reducida en Internet.<\/p>\n<p>Una de las razones por las que las parejas quieren tener fotograf\u00edas del banquete de boda tomadas por un fot\u00f3grafo profesional, aparte de por la superior calidad que siempre tienen las que hacen los invitados con sus tel\u00e9fonos m\u00f3viles inteligentes, es que el estilo de todas ellas ser\u00e1 homog\u00e9neo y el profesional siempre estar\u00e1 atento para que no falte ninguno de los invitados en el reportaje de boda.<\/p>\n<p><strong>Esta \u00faltima cuesti\u00f3n es una norma no escrita de la fotograf\u00eda de boda<\/strong>. Las fotograf\u00edas del banquete de boda no est\u00e1n completas si en ellas falta alguno de los invitados, ya sea quien las haya hecho el cu\u00f1ado del novio, <a href=\"https:\/\/www.fotografo-profesional.net\/diario\/2018\/02\/24\/consejos-para-reportajes-de-boda-i\/\"><span style=\"color: #33cccc;\"><em>un amigo que tiene una c\u00e1mara estupenda<\/em><\/span><\/a>, un fot\u00f3grafo de boda barato o el mejor profesional de la comarca.<\/p>\n<p>Adem\u00e1s de todo lo anterior, siempre surgir\u00e1n fotograf\u00edas que quieran tener los reci\u00e9n casados que pueden sorprender a un ne\u00f3fito de este trabajo. Por ejemplo, una fotograf\u00eda con el cocinero del restaurante. Bien sea porque sea un afamado cocinero, porque sea conocido de la pareja (pariente, amigo\u2026) o por ser el cocinero de aquel establecimiento en el sol\u00edan ir a cenar y en el que \u00e9l le pidi\u00f3 matrimonio a la novia\u2026<\/p>\n","protected":false},"excerpt":{"rendered":"<p>No suelen faltar las fotograf\u00edas del banquete de boda en los reportajes que solicitan las parejas que van a contraer matrimonio. Si alguna de ellas tiene el presupuesto muy ajustado, lo que suele hacer es buscar un fot\u00f3grafo de bodas que sea barato para tener suficiente dinero con el que tener un reportaje de boda [&hellip;]<\/p>\n","protected":false},"author":2,"featured_media":993,"comment_status":"closed","ping_status":"open","sticky":false,"template":"","format":"standard","meta":[],"categories":[254,16,188,189,226,172,207],"tags":[313,134,99,59,284,120,307,340],"yoast_head":"<!-- This site is optimized with the Yoast SEO plugin v20.8 - https:\/\/yoast.com\/wordpress\/plugins\/seo\/ -->\n<title>Fotograf\u00edas del banquete de boda - Luis Miguel del Campo<\/title>\n<meta name=\"description\" content=\"Las fotograf\u00edas del banquete de boda no suelen faltar en los reportajes que solicitan las parejas a los fot\u00f3grafos profesionales que contratan.\" \/>\n<meta name=\"robots\" content=\"index, follow, max-snippet:-1, max-image-preview:large, max-video-preview:-1\" \/>\n<link rel=\"canonical\" href=\"https:\/\/www.fotografo-profesional.net\/diario\/2020\/01\/19\/fotografias-del-banquete-de-boda\/\" \/>\n<meta property=\"og:locale\" content=\"es_ES\" \/>\n<meta property=\"og:type\" content=\"article\" \/>\n<meta property=\"og:title\" content=\"Fotograf\u00edas del banquete de boda - Luis Miguel del Campo\" \/>\n<meta property=\"og:description\" content=\"Las fotograf\u00edas del banquete de boda no suelen faltar en los reportajes que solicitan las parejas a los fot\u00f3grafos profesionales que contratan.\" \/>\n<meta property=\"og:url\" content=\"https:\/\/www.fotografo-profesional.net\/diario\/2020\/01\/19\/fotografias-del-banquete-de-boda\/\" \/>\n<meta property=\"og:site_name\" content=\"Luis Miguel del Campo\" \/>\n<meta property=\"article:published_time\" content=\"2020-01-19T17:41:45+00:00\" \/>\n<meta property=\"article:modified_time\" content=\"2020-01-19T17:41:48+00:00\" \/>\n<meta property=\"og:image\" content=\"https:\/\/www.fotografo-profesional.net\/diario\/wp-content\/uploads\/2020\/01\/Fot\u00f3grafo-profesional-en-Madrid-LMC-0060.jpg\" \/>\n\t<meta property=\"og:image:width\" content=\"600\" \/>\n\t<meta property=\"og:image:height\" content=\"450\" \/>\n\t<meta property=\"og:image:type\" content=\"image\/jpeg\" \/>\n<meta name=\"author\" content=\"Luis Miguel del Campo\" \/>\n<meta name=\"twitter:card\" content=\"summary_large_image\" \/>\n<meta name=\"twitter:label1\" content=\"Escrito por\" \/>\n\t<meta name=\"twitter:data1\" content=\"Luis Miguel del Campo\" \/>\n\t<meta name=\"twitter:label2\" content=\"Tiempo de lectura\" \/>\n\t<meta name=\"twitter:data2\" content=\"2 minutos\" \/>\n<script type=\"application\/ld+json\" class=\"yoast-schema-graph\">{\"@context\":\"https:\/\/schema.org\",\"@graph\":[{\"@type\":\"WebPage\",\"@id\":\"https:\/\/www.fotografo-profesional.net\/diario\/2020\/01\/19\/fotografias-del-banquete-de-boda\/\",\"url\":\"https:\/\/www.fotografo-profesional.net\/diario\/2020\/01\/19\/fotografias-del-banquete-de-boda\/\",\"name\":\"Fotograf\u00edas del banquete de boda - Luis Miguel del Campo\",\"isPartOf\":{\"@id\":\"https:\/\/www.fotografo-profesional.net\/diario\/#website\"},\"datePublished\":\"2020-01-19T17:41:45+00:00\",\"dateModified\":\"2020-01-19T17:41:48+00:00\",\"author\":{\"@id\":\"https:\/\/www.fotografo-profesional.net\/diario\/#\/schema\/person\/220504871d765b4c30a0af1d2fe93533\"},\"description\":\"Las fotograf\u00edas del banquete de boda no suelen faltar en los reportajes que solicitan las parejas a los fot\u00f3grafos profesionales que contratan.\",\"breadcrumb\":{\"@id\":\"https:\/\/www.fotografo-profesional.net\/diario\/2020\/01\/19\/fotografias-del-banquete-de-boda\/#breadcrumb\"},\"inLanguage\":\"es\",\"potentialAction\":[{\"@type\":\"ReadAction\",\"target\":[\"https:\/\/www.fotografo-profesional.net\/diario\/2020\/01\/19\/fotografias-del-banquete-de-boda\/\"]}]},{\"@type\":\"BreadcrumbList\",\"@id\":\"https:\/\/www.fotografo-profesional.net\/diario\/2020\/01\/19\/fotografias-del-banquete-de-boda\/#breadcrumb\",\"itemListElement\":[{\"@type\":\"ListItem\",\"position\":1,\"name\":\"Inicio\",\"item\":\"https:\/\/www.fotografo-profesional.net\/diario\/\"},{\"@type\":\"ListItem\",\"position\":2,\"name\":\"Fotograf\u00edas del banquete de boda\"}]},{\"@type\":\"WebSite\",\"@id\":\"https:\/\/www.fotografo-profesional.net\/diario\/#website\",\"url\":\"https:\/\/www.fotografo-profesional.net\/diario\/\",\"name\":\"Luis Miguel del Campo\",\"description\":\"Blog de un fot\u00f3grafo profesional\",\"potentialAction\":[{\"@type\":\"SearchAction\",\"target\":{\"@type\":\"EntryPoint\",\"urlTemplate\":\"https:\/\/www.fotografo-profesional.net\/diario\/?s={search_term_string}\"},\"query-input\":\"required name=search_term_string\"}],\"inLanguage\":\"es\"},{\"@type\":\"Person\",\"@id\":\"https:\/\/www.fotografo-profesional.net\/diario\/#\/schema\/person\/220504871d765b4c30a0af1d2fe93533\",\"name\":\"Luis Miguel del Campo\",\"image\":{\"@type\":\"ImageObject\",\"inLanguage\":\"es\",\"@id\":\"https:\/\/www.fotografo-profesional.net\/diario\/#\/schema\/person\/image\/\",\"url\":\"https:\/\/secure.gravatar.com\/avatar\/84bb1120095136de86f122a882a42d61?s=96&d=mm&r=g\",\"contentUrl\":\"https:\/\/secure.gravatar.com\/avatar\/84bb1120095136de86f122a882a42d61?s=96&d=mm&r=g\",\"caption\":\"Luis Miguel del Campo\"},\"url\":\"https:\/\/www.fotografo-profesional.net\/diario\/author\/admin_lmdc\/\"}]}<\/script>\n<!-- \/ Yoast SEO plugin. -->","yoast_head_json":{"title":"Fotograf\u00edas del banquete de boda - Luis Miguel del Campo","description":"Las fotograf\u00edas del banquete de boda no suelen faltar en los reportajes que solicitan las parejas a los fot\u00f3grafos profesionales que contratan.","robots":{"index":"index","follow":"follow","max-snippet":"max-snippet:-1","max-image-preview":"max-image-preview:large","max-video-preview":"max-video-preview:-1"},"canonical":"https:\/\/www.fotografo-profesional.net\/diario\/2020\/01\/19\/fotografias-del-banquete-de-boda\/","og_locale":"es_ES","og_type":"article","og_title":"Fotograf\u00edas del banquete de boda - Luis Miguel del Campo","og_description":"Las fotograf\u00edas del banquete de boda no suelen faltar en los reportajes que solicitan las parejas a los fot\u00f3grafos profesionales que contratan.","og_url":"https:\/\/www.fotografo-profesional.net\/diario\/2020\/01\/19\/fotografias-del-banquete-de-boda\/","og_site_name":"Luis Miguel del Campo","article_published_time":"2020-01-19T17:41:45+00:00","article_modified_time":"2020-01-19T17:41:48+00:00","og_image":[{"width":600,"height":450,"url":"https:\/\/www.fotografo-profesional.net\/diario\/wp-content\/uploads\/2020\/01\/Fot\u00f3grafo-profesional-en-Madrid-LMC-0060.jpg","type":"image\/jpeg"}],"author":"Luis Miguel del Campo","twitter_card":"summary_large_image","twitter_misc":{"Escrito por":"Luis Miguel del Campo","Tiempo de lectura":"2 minutos"},"schema":{"@context":"https:\/\/schema.org","@graph":[{"@type":"WebPage","@id":"https:\/\/www.fotografo-profesional.net\/diario\/2020\/01\/19\/fotografias-del-banquete-de-boda\/","url":"https:\/\/www.fotografo-profesional.net\/diario\/2020\/01\/19\/fotografias-del-banquete-de-boda\/","name":"Fotograf\u00edas del banquete de boda - Luis Miguel del Campo","isPartOf":{"@id":"https:\/\/www.fotografo-profesional.net\/diario\/#website"},"datePublished":"2020-01-19T17:41:45+00:00","dateModified":"2020-01-19T17:41:48+00:00","author":{"@id":"https:\/\/www.fotografo-profesional.net\/diario\/#\/schema\/person\/220504871d765b4c30a0af1d2fe93533"},"description":"Las fotograf\u00edas del banquete de boda no suelen faltar en los reportajes que solicitan las parejas a los fot\u00f3grafos profesionales que contratan.","breadcrumb":{"@id":"https:\/\/www.fotografo-profesional.net\/diario\/2020\/01\/19\/fotografias-del-banquete-de-boda\/#breadcrumb"},"inLanguage":"es","potentialAction":[{"@type":"ReadAction","target":["https:\/\/www.fotografo-profesional.net\/diario\/2020\/01\/19\/fotografias-del-banquete-de-boda\/"]}]},{"@type":"BreadcrumbList","@id":"https:\/\/www.fotografo-profesional.net\/diario\/2020\/01\/19\/fotografias-del-banquete-de-boda\/#breadcrumb","itemListElement":[{"@type":"ListItem","position":1,"name":"Inicio","item":"https:\/\/www.fotografo-profesional.net\/diario\/"},{"@type":"ListItem","position":2,"name":"Fotograf\u00edas del banquete de boda"}]},{"@type":"WebSite","@id":"https:\/\/www.fotografo-profesional.net\/diario\/#website","url":"https:\/\/www.fotografo-profesional.net\/diario\/","name":"Luis Miguel del Campo","description":"Blog de un fot\u00f3grafo profesional","potentialAction":[{"@type":"SearchAction","target":{"@type":"EntryPoint","urlTemplate":"https:\/\/www.fotografo-profesional.net\/diario\/?s={search_term_string}"},"query-input":"required name=search_term_string"}],"inLanguage":"es"},{"@type":"Person","@id":"https:\/\/www.fotografo-profesional.net\/diario\/#\/schema\/person\/220504871d765b4c30a0af1d2fe93533","name":"Luis Miguel del Campo","image":{"@type":"ImageObject","inLanguage":"es","@id":"https:\/\/www.fotografo-profesional.net\/diario\/#\/schema\/person\/image\/","url":"https:\/\/secure.gravatar.com\/avatar\/84bb1120095136de86f122a882a42d61?s=96&d=mm&r=g","contentUrl":"https:\/\/secure.gravatar.com\/avatar\/84bb1120095136de86f122a882a42d61?s=96&d=mm&r=g","caption":"Luis Miguel del Campo"},"url":"https:\/\/www.fotografo-profesional.net\/diario\/author\/admin_lmdc\/"}]}},"_links":{"self":[{"href":"https:\/\/www.fotografo-profesional.net\/diario\/wp-json\/wp\/v2\/posts\/988"}],"collection":[{"href":"https:\/\/www.fotografo-profesional.net\/diario\/wp-json\/wp\/v2\/posts"}],"about":[{"href":"https:\/\/www.fotografo-profesional.net\/diario\/wp-json\/wp\/v2\/types\/post"}],"author":[{"embeddable":true,"href":"https:\/\/www.fotografo-profesional.net\/diario\/wp-json\/wp\/v2\/users\/2"}],"replies":[{"embeddable":true,"href":"https:\/\/www.fotografo-profesional.net\/diario\/wp-json\/wp\/v2\/comments?post=988"}],"version-history":[{"count":2,"href":"https:\/\/www.fotografo-profesional.net\/diario\/wp-json\/wp\/v2\/posts\/988\/revisions"}],"predecessor-version":[{"id":994,"href":"https:\/\/www.fotografo-profesional.net\/diario\/wp-json\/wp\/v2\/posts\/988\/revisions\/994"}],"wp:featuredmedia":[{"embeddable":true,"href":"https:\/\/www.fotografo-profesional.net\/diario\/wp-json\/wp\/v2\/media\/993"}],"wp:attachment":[{"href":"https:\/\/www.fotografo-profesional.net\/diario\/wp-json\/wp\/v2\/media?parent=988"}],"wp:term":[{"taxonomy":"category","embeddable":true,"href":"https:\/\/www.fotografo-profesional.net\/diario\/wp-json\/wp\/v2\/categories?post=988"},{"taxonomy":"post_tag","embeddable":true,"href":"https:\/\/www.fotografo-profesional.net\/diario\/wp-json\/wp\/v2\/tags?post=988"}],"curies":[{"name":"wp","href":"https:\/\/api.w.org\/{rel}","templated":true}]}}