{"id":992,"date":"2020-01-23T16:08:44","date_gmt":"2020-01-23T15:08:44","guid":{"rendered":"https:\/\/www.fotografo-profesional.net\/diario\/?p=992"},"modified":"2020-01-23T16:08:54","modified_gmt":"2020-01-23T15:08:54","slug":"fotografia-de-grupo-en-madrid","status":"publish","type":"post","link":"https:\/\/www.fotografo-profesional.net\/diario\/2020\/01\/23\/fotografia-de-grupo-en-madrid\/","title":{"rendered":"Fotograf\u00eda de grupo en Madrid"},"content":{"rendered":"<p><strong><img decoding=\"async\" class=\"size-full wp-image-997 aligncenter\" src=\"https:\/\/www.fotografo-profesional.net\/diario\/wp-content\/uploads\/2020\/01\/Fot\u00f3grafo-profesional-en-Madrid-LMC-0061.jpg\" alt=\"Fotograf\u00eda de grupo en Madrid\" width=\"600\" height=\"447\" srcset=\"https:\/\/www.fotografo-profesional.net\/diario\/wp-content\/uploads\/2020\/01\/Fot\u00f3grafo-profesional-en-Madrid-LMC-0061.jpg 600w, https:\/\/www.fotografo-profesional.net\/diario\/wp-content\/uploads\/2020\/01\/Fot\u00f3grafo-profesional-en-Madrid-LMC-0061-300x224.jpg 300w\" sizes=\"(max-width: 600px) 100vw, 600px\" \/><\/strong><\/p>\n<p><strong>Hay numerosas circunstancias sociales en las que el momento pide hacer una fotograf\u00eda de grupo<\/strong>: una boda, un congreso, una convenci\u00f3n, un curso universitario, una despedida de soltera, una cena de antiguos alumnos\u2026<\/p>\n<p>Hoy en d\u00eda, lo m\u00e1s corriente ser\u00eda darle una c\u00e1mara compacta o un tel\u00e9fono m\u00f3vil a la primera persona que pase por all\u00ed para que la tome. Lo m\u00e1s normal, en otros tiempos y en estos, si se quieren hacer bien las cosas, es contratar a un fot\u00f3grafo profesional para que la haga y, de paso, entregue un reportaje fotogr\u00e1fico del <a href=\"https:\/\/www.fotografo-profesional.net\/diario\/2019\/10\/09\/fotografo-de-eventos-sociales\/\"><span style=\"color: #33cccc;\"><em>evento completo<\/em><\/span><\/a> uno d\u00edas despu\u00e9s con toda la calidad y buen hacer que caracterizan a quien se dedica a ello.<\/p>\n<p>La fotograf\u00eda de arriba se hizo el \u00faltimo d\u00eda de un curso universitario de verano. Me encargaron el reportaje fotogr\u00e1fico de esa jornada y la fotograf\u00eda de grupo de los alumnos con los dos profesores que lo hab\u00edan impartido.<\/p>\n<p>As\u00ed que, desde primera hora de la ma\u00f1ana, estuve tomando fotograf\u00edas de las ponencias de los profesores, de los alumnos mientras los escuchaban y alg\u00fan que otro plano general del aula con todos ellos.<br \/>Acabadas las ponencias lleg\u00f3 el momento de la entrega del t\u00edtulo que acreditaba que los estudiantes hab\u00edan participado en dicho curso. La entrega se fue haciendo de forma individual para conseguir im\u00e1genes de cada alumno recibiendo su t\u00edtulo en solitario en cada fotograf\u00eda.<\/p>\n<p>Esta es tarea habitual a la que est\u00e1 acostumbrado todo fot\u00f3grafo profesional que haga con frecuencia reportajes de entregas de <a href=\"https:\/\/www.fotografo-profesional.net\/diario\/2019\/12\/28\/fotografo-de-premios-de-empresa\/\"><span style=\"color: #33cccc;\"><em>premios<\/em><\/span><\/a>. En este caso, la \u00fanica diferencia consiste en que son muchas m\u00e1s las personas que van a las que hay que tomar fotograf\u00edas, lo que requiere rapidez de ejecuci\u00f3n para no perder ninguna entrega que dejara el reportaje incompleto.<br \/>Terminadas las actividades se pas\u00f3 a la toma de la fotograf\u00eda de grupo con el fin de que la c\u00e1tedra la enviara posteriormente a os participantes. En la toma de esta imagen sobre todo <strong>hay que buscar el equilibrio de masas y que, a pesar de haber muchas personas, ninguna de ellas aparezca con la cara tapada por otra.<\/strong><\/p>\n\n\n<p><\/p>\n","protected":false},"excerpt":{"rendered":"<p>Hay numerosas circunstancias sociales en las que el momento pide hacer una fotograf\u00eda de grupo: una boda, un congreso, una convenci\u00f3n, un curso universitario, una despedida de soltera, una cena de antiguos alumnos\u2026 Hoy en d\u00eda, lo m\u00e1s corriente ser\u00eda darle una c\u00e1mara compacta o un tel\u00e9fono m\u00f3vil a la primera persona que pase por [&hellip;]<\/p>\n","protected":false},"author":2,"featured_media":997,"comment_status":"closed","ping_status":"open","sticky":false,"template":"","format":"standard","meta":[],"categories":[31,113,188,189,172,207],"tags":[352,165,99,59,348,284,120,307,121],"yoast_head":"<!-- This site is optimized with the Yoast SEO plugin v20.8 - https:\/\/yoast.com\/wordpress\/plugins\/seo\/ -->\n<title>Fotograf\u00eda de grupo en Madrid - Luis Miguel del Campo<\/title>\n<meta name=\"description\" content=\"Para conseguir una buena fotograf\u00eda de grupo no basta con tener una c\u00e1mara y apretar el disparador. Un fot\u00f3grafo profesional sabe lo que hay que hacer.\" \/>\n<meta name=\"robots\" content=\"index, follow, max-snippet:-1, max-image-preview:large, max-video-preview:-1\" \/>\n<link rel=\"canonical\" href=\"https:\/\/www.fotografo-profesional.net\/diario\/2020\/01\/23\/fotografia-de-grupo-en-madrid\/\" \/>\n<meta property=\"og:locale\" content=\"es_ES\" \/>\n<meta property=\"og:type\" content=\"article\" \/>\n<meta property=\"og:title\" content=\"Fotograf\u00eda de grupo en Madrid - Luis Miguel del Campo\" \/>\n<meta property=\"og:description\" content=\"Para conseguir una buena fotograf\u00eda de grupo no basta con tener una c\u00e1mara y apretar el disparador. Un fot\u00f3grafo profesional sabe lo que hay que hacer.\" \/>\n<meta property=\"og:url\" content=\"https:\/\/www.fotografo-profesional.net\/diario\/2020\/01\/23\/fotografia-de-grupo-en-madrid\/\" \/>\n<meta property=\"og:site_name\" content=\"Luis Miguel del Campo\" \/>\n<meta property=\"article:published_time\" content=\"2020-01-23T15:08:44+00:00\" \/>\n<meta property=\"article:modified_time\" content=\"2020-01-23T15:08:54+00:00\" \/>\n<meta property=\"og:image\" content=\"https:\/\/www.fotografo-profesional.net\/diario\/wp-content\/uploads\/2020\/01\/Fot\u00f3grafo-profesional-en-Madrid-LMC-0061.jpg\" \/>\n\t<meta property=\"og:image:width\" content=\"600\" \/>\n\t<meta property=\"og:image:height\" content=\"447\" \/>\n\t<meta property=\"og:image:type\" content=\"image\/jpeg\" \/>\n<meta name=\"author\" content=\"Luis Miguel del Campo\" \/>\n<meta name=\"twitter:card\" content=\"summary_large_image\" \/>\n<meta name=\"twitter:label1\" content=\"Escrito por\" \/>\n\t<meta name=\"twitter:data1\" content=\"Luis Miguel del Campo\" \/>\n\t<meta name=\"twitter:label2\" content=\"Tiempo de lectura\" \/>\n\t<meta name=\"twitter:data2\" content=\"2 minutos\" \/>\n<script type=\"application\/ld+json\" class=\"yoast-schema-graph\">{\"@context\":\"https:\/\/schema.org\",\"@graph\":[{\"@type\":\"WebPage\",\"@id\":\"https:\/\/www.fotografo-profesional.net\/diario\/2020\/01\/23\/fotografia-de-grupo-en-madrid\/\",\"url\":\"https:\/\/www.fotografo-profesional.net\/diario\/2020\/01\/23\/fotografia-de-grupo-en-madrid\/\",\"name\":\"Fotograf\u00eda de grupo en Madrid - Luis Miguel del Campo\",\"isPartOf\":{\"@id\":\"https:\/\/www.fotografo-profesional.net\/diario\/#website\"},\"datePublished\":\"2020-01-23T15:08:44+00:00\",\"dateModified\":\"2020-01-23T15:08:54+00:00\",\"author\":{\"@id\":\"https:\/\/www.fotografo-profesional.net\/diario\/#\/schema\/person\/220504871d765b4c30a0af1d2fe93533\"},\"description\":\"Para conseguir una buena fotograf\u00eda de grupo no basta con tener una c\u00e1mara y apretar el disparador. Un fot\u00f3grafo profesional sabe lo que hay que hacer.\",\"breadcrumb\":{\"@id\":\"https:\/\/www.fotografo-profesional.net\/diario\/2020\/01\/23\/fotografia-de-grupo-en-madrid\/#breadcrumb\"},\"inLanguage\":\"es\",\"potentialAction\":[{\"@type\":\"ReadAction\",\"target\":[\"https:\/\/www.fotografo-profesional.net\/diario\/2020\/01\/23\/fotografia-de-grupo-en-madrid\/\"]}]},{\"@type\":\"BreadcrumbList\",\"@id\":\"https:\/\/www.fotografo-profesional.net\/diario\/2020\/01\/23\/fotografia-de-grupo-en-madrid\/#breadcrumb\",\"itemListElement\":[{\"@type\":\"ListItem\",\"position\":1,\"name\":\"Inicio\",\"item\":\"https:\/\/www.fotografo-profesional.net\/diario\/\"},{\"@type\":\"ListItem\",\"position\":2,\"name\":\"Fotograf\u00eda de grupo en Madrid\"}]},{\"@type\":\"WebSite\",\"@id\":\"https:\/\/www.fotografo-profesional.net\/diario\/#website\",\"url\":\"https:\/\/www.fotografo-profesional.net\/diario\/\",\"name\":\"Luis Miguel del Campo\",\"description\":\"Blog de un fot\u00f3grafo profesional\",\"potentialAction\":[{\"@type\":\"SearchAction\",\"target\":{\"@type\":\"EntryPoint\",\"urlTemplate\":\"https:\/\/www.fotografo-profesional.net\/diario\/?s={search_term_string}\"},\"query-input\":\"required name=search_term_string\"}],\"inLanguage\":\"es\"},{\"@type\":\"Person\",\"@id\":\"https:\/\/www.fotografo-profesional.net\/diario\/#\/schema\/person\/220504871d765b4c30a0af1d2fe93533\",\"name\":\"Luis Miguel del Campo\",\"image\":{\"@type\":\"ImageObject\",\"inLanguage\":\"es\",\"@id\":\"https:\/\/www.fotografo-profesional.net\/diario\/#\/schema\/person\/image\/\",\"url\":\"https:\/\/secure.gravatar.com\/avatar\/84bb1120095136de86f122a882a42d61?s=96&d=mm&r=g\",\"contentUrl\":\"https:\/\/secure.gravatar.com\/avatar\/84bb1120095136de86f122a882a42d61?s=96&d=mm&r=g\",\"caption\":\"Luis Miguel del Campo\"},\"url\":\"https:\/\/www.fotografo-profesional.net\/diario\/author\/admin_lmdc\/\"}]}<\/script>\n<!-- \/ Yoast SEO plugin. -->","yoast_head_json":{"title":"Fotograf\u00eda de grupo en Madrid - Luis Miguel del Campo","description":"Para conseguir una buena fotograf\u00eda de grupo no basta con tener una c\u00e1mara y apretar el disparador. Un fot\u00f3grafo profesional sabe lo que hay que hacer.","robots":{"index":"index","follow":"follow","max-snippet":"max-snippet:-1","max-image-preview":"max-image-preview:large","max-video-preview":"max-video-preview:-1"},"canonical":"https:\/\/www.fotografo-profesional.net\/diario\/2020\/01\/23\/fotografia-de-grupo-en-madrid\/","og_locale":"es_ES","og_type":"article","og_title":"Fotograf\u00eda de grupo en Madrid - Luis Miguel del Campo","og_description":"Para conseguir una buena fotograf\u00eda de grupo no basta con tener una c\u00e1mara y apretar el disparador. Un fot\u00f3grafo profesional sabe lo que hay que hacer.","og_url":"https:\/\/www.fotografo-profesional.net\/diario\/2020\/01\/23\/fotografia-de-grupo-en-madrid\/","og_site_name":"Luis Miguel del Campo","article_published_time":"2020-01-23T15:08:44+00:00","article_modified_time":"2020-01-23T15:08:54+00:00","og_image":[{"width":600,"height":447,"url":"https:\/\/www.fotografo-profesional.net\/diario\/wp-content\/uploads\/2020\/01\/Fot\u00f3grafo-profesional-en-Madrid-LMC-0061.jpg","type":"image\/jpeg"}],"author":"Luis Miguel del Campo","twitter_card":"summary_large_image","twitter_misc":{"Escrito por":"Luis Miguel del Campo","Tiempo de lectura":"2 minutos"},"schema":{"@context":"https:\/\/schema.org","@graph":[{"@type":"WebPage","@id":"https:\/\/www.fotografo-profesional.net\/diario\/2020\/01\/23\/fotografia-de-grupo-en-madrid\/","url":"https:\/\/www.fotografo-profesional.net\/diario\/2020\/01\/23\/fotografia-de-grupo-en-madrid\/","name":"Fotograf\u00eda de grupo en Madrid - Luis Miguel del Campo","isPartOf":{"@id":"https:\/\/www.fotografo-profesional.net\/diario\/#website"},"datePublished":"2020-01-23T15:08:44+00:00","dateModified":"2020-01-23T15:08:54+00:00","author":{"@id":"https:\/\/www.fotografo-profesional.net\/diario\/#\/schema\/person\/220504871d765b4c30a0af1d2fe93533"},"description":"Para conseguir una buena fotograf\u00eda de grupo no basta con tener una c\u00e1mara y apretar el disparador. Un fot\u00f3grafo profesional sabe lo que hay que hacer.","breadcrumb":{"@id":"https:\/\/www.fotografo-profesional.net\/diario\/2020\/01\/23\/fotografia-de-grupo-en-madrid\/#breadcrumb"},"inLanguage":"es","potentialAction":[{"@type":"ReadAction","target":["https:\/\/www.fotografo-profesional.net\/diario\/2020\/01\/23\/fotografia-de-grupo-en-madrid\/"]}]},{"@type":"BreadcrumbList","@id":"https:\/\/www.fotografo-profesional.net\/diario\/2020\/01\/23\/fotografia-de-grupo-en-madrid\/#breadcrumb","itemListElement":[{"@type":"ListItem","position":1,"name":"Inicio","item":"https:\/\/www.fotografo-profesional.net\/diario\/"},{"@type":"ListItem","position":2,"name":"Fotograf\u00eda de grupo en Madrid"}]},{"@type":"WebSite","@id":"https:\/\/www.fotografo-profesional.net\/diario\/#website","url":"https:\/\/www.fotografo-profesional.net\/diario\/","name":"Luis Miguel del Campo","description":"Blog de un fot\u00f3grafo profesional","potentialAction":[{"@type":"SearchAction","target":{"@type":"EntryPoint","urlTemplate":"https:\/\/www.fotografo-profesional.net\/diario\/?s={search_term_string}"},"query-input":"required name=search_term_string"}],"inLanguage":"es"},{"@type":"Person","@id":"https:\/\/www.fotografo-profesional.net\/diario\/#\/schema\/person\/220504871d765b4c30a0af1d2fe93533","name":"Luis Miguel del Campo","image":{"@type":"ImageObject","inLanguage":"es","@id":"https:\/\/www.fotografo-profesional.net\/diario\/#\/schema\/person\/image\/","url":"https:\/\/secure.gravatar.com\/avatar\/84bb1120095136de86f122a882a42d61?s=96&d=mm&r=g","contentUrl":"https:\/\/secure.gravatar.com\/avatar\/84bb1120095136de86f122a882a42d61?s=96&d=mm&r=g","caption":"Luis Miguel del Campo"},"url":"https:\/\/www.fotografo-profesional.net\/diario\/author\/admin_lmdc\/"}]}},"_links":{"self":[{"href":"https:\/\/www.fotografo-profesional.net\/diario\/wp-json\/wp\/v2\/posts\/992"}],"collection":[{"href":"https:\/\/www.fotografo-profesional.net\/diario\/wp-json\/wp\/v2\/posts"}],"about":[{"href":"https:\/\/www.fotografo-profesional.net\/diario\/wp-json\/wp\/v2\/types\/post"}],"author":[{"embeddable":true,"href":"https:\/\/www.fotografo-profesional.net\/diario\/wp-json\/wp\/v2\/users\/2"}],"replies":[{"embeddable":true,"href":"https:\/\/www.fotografo-profesional.net\/diario\/wp-json\/wp\/v2\/comments?post=992"}],"version-history":[{"count":3,"href":"https:\/\/www.fotografo-profesional.net\/diario\/wp-json\/wp\/v2\/posts\/992\/revisions"}],"predecessor-version":[{"id":999,"href":"https:\/\/www.fotografo-profesional.net\/diario\/wp-json\/wp\/v2\/posts\/992\/revisions\/999"}],"wp:featuredmedia":[{"embeddable":true,"href":"https:\/\/www.fotografo-profesional.net\/diario\/wp-json\/wp\/v2\/media\/997"}],"wp:attachment":[{"href":"https:\/\/www.fotografo-profesional.net\/diario\/wp-json\/wp\/v2\/media?parent=992"}],"wp:term":[{"taxonomy":"category","embeddable":true,"href":"https:\/\/www.fotografo-profesional.net\/diario\/wp-json\/wp\/v2\/categories?post=992"},{"taxonomy":"post_tag","embeddable":true,"href":"https:\/\/www.fotografo-profesional.net\/diario\/wp-json\/wp\/v2\/tags?post=992"}],"curies":[{"name":"wp","href":"https:\/\/api.w.org\/{rel}","templated":true}]}}