{"id":996,"date":"2020-01-28T08:05:50","date_gmt":"2020-01-28T07:05:50","guid":{"rendered":"https:\/\/www.fotografo-profesional.net\/diario\/?p=996"},"modified":"2020-01-28T08:05:52","modified_gmt":"2020-01-28T07:05:52","slug":"fotografia-de-boda-con-ninos","status":"publish","type":"post","link":"https:\/\/www.fotografo-profesional.net\/diario\/2020\/01\/28\/fotografia-de-boda-con-ninos\/","title":{"rendered":"Fotograf\u00eda de boda con ni\u00f1os"},"content":{"rendered":"<p><img decoding=\"async\" class=\"size-full wp-image-1002 aligncenter\" src=\"https:\/\/www.fotografo-profesional.net\/diario\/wp-content\/uploads\/2020\/01\/Fot\u00f3grafo-profesional-en-Madrid-LMC-0062.jpg\" alt=\"Fotograf\u00eda de boda con ni\u00f1os\" width=\"600\" height=\"451\" srcset=\"https:\/\/www.fotografo-profesional.net\/diario\/wp-content\/uploads\/2020\/01\/Fot\u00f3grafo-profesional-en-Madrid-LMC-0062.jpg 600w, https:\/\/www.fotografo-profesional.net\/diario\/wp-content\/uploads\/2020\/01\/Fot\u00f3grafo-profesional-en-Madrid-LMC-0062-300x226.jpg 300w\" sizes=\"(max-width: 600px) 100vw, 600px\" \/><\/p>\n<p>La fotograf\u00eda de boda con ni\u00f1os resulta m\u00e1s interesante para todo el mundo que las que solo contienen im\u00e1genes con adultos. Siempre son los que animan todas las celebraciones con su alegr\u00eda, sus juegos y su espontaneidad.<br \/>\nUn fot\u00f3grafo profesional tiene un fil\u00f3n en las bodas en las que hay ni\u00f1os -cuanto m\u00e1s peque\u00f1os mejor-, pues van a darle la oportunidad de capturar grandes im\u00e1genes a poco que est\u00e9 atento, pues su comportamiento es imprevisible y nunca se sabe cu\u00e1ndo y d\u00f3nde van a hacer una de sus travesuras.<br \/>\nSuele ser habitual entre las parejas que se casan el querer salir en alguna fotograf\u00eda de boda con los ni\u00f1os de la familia. En el caso que se puede apreciar en la parte superior del art\u00edculo <strong>fue la novia la que pidi\u00f3 expresamente hacerse la fotograf\u00eda con ellos<\/strong>, por lo que hubo que colocarlos y darles ciertas indicaciones para conseguir que la fotograf\u00eda se pudiera hacer. A\u00fan as\u00ed, no lo conseguimos del todo ni con todos porque los peque\u00f1os suelen ser rebeldes y testarudos.<br \/>\nEsta imagen fue una de las elegidas por la pareja para formar parte del \u00e1lbum digital del enlace que me encargaron que confeccionara. Tambi\u00e9n conocido como fotolibro, una tendencia que cada vez nos solicitan m\u00e1s a los fot\u00f3grafos profesionales de boda.<br \/>\nAunque suelo sugerir a las parejas de reci\u00e9n casados las fotograf\u00edas de la boda que considero que deben formar parte del<a href=\"https:\/\/www.fotografo-profesional.net\/diario\/2019\/01\/14\/album-de-boda-en-madrid\/\"><em><span style=\"color: #33cccc;\"> \u00e1lbum<\/span><\/em><\/a>, siempre son ellos los que toman la decisi\u00f3n final de cu\u00e1les hay que editar y maquetar. Y c\u00f3mo. Porque yo solo propongo. Ellos deciden, ya que es su boda y la elecci\u00f3n de fotograf\u00edas de recuerdos de su enlace les corresponde hacerla a ellos.<br \/>\nLo mismo sucede con la colorimetr\u00eda de las im\u00e1genes. Al fot\u00f3grafo profesional le corresponde adaptarse a sus gustos y resolver sus solicitudes.<br \/>\n<strong>Estoy abierto a que me pidan los acabados finales que deseen para las im\u00e1genes<\/strong>. En este caso, la idea fue de la novia, quien <a href=\"https:\/\/www.fotografo-profesional.net\/diario\/2018\/11\/14\/acabado-de-los-reportajes-de-boda\/\"><span style=\"color: #33cccc;\"><em>me pidi\u00f3 que editara<\/em><\/span><\/a> esta fotograf\u00eda de boda con los ni\u00f1os en blanco y negro pero con parte de ella en color. As\u00ed que decidimos que, de todos los colores que aparec\u00edan en ella, el que m\u00e1s iba a destacar con el acabado en blanco y negro iba a ser el rojo.<br \/>\nEl resultado final resulta original y llama la atenci\u00f3n.<\/p>\n","protected":false},"excerpt":{"rendered":"<p>La fotograf\u00eda de boda con ni\u00f1os resulta m\u00e1s interesante para todo el mundo que las que solo contienen im\u00e1genes con adultos. Siempre son los que animan todas las celebraciones con su alegr\u00eda, sus juegos y su espontaneidad. Un fot\u00f3grafo profesional tiene un fil\u00f3n en las bodas en las que hay ni\u00f1os -cuanto m\u00e1s peque\u00f1os mejor-, [&hellip;]<\/p>\n","protected":false},"author":2,"featured_media":1002,"comment_status":"closed","ping_status":"open","sticky":false,"template":"","format":"standard","meta":[],"categories":[254,171,188,189,172,207,177],"tags":[290,291,99,284,120,307,353],"yoast_head":"<!-- This site is optimized with the Yoast SEO plugin v20.8 - https:\/\/yoast.com\/wordpress\/plugins\/seo\/ -->\n<title>Fotograf\u00eda de boda con ni\u00f1os - Luis Miguel del Campo<\/title>\n<meta name=\"description\" content=\"La fotograf\u00eda de boda con ni\u00f1os puede salvar cualquier reportaje de resultar demasiado serio y aburrido, pues los peque\u00f1os te pueden dar fant\u00e1ticas fotos.\" \/>\n<meta name=\"robots\" content=\"index, follow, max-snippet:-1, max-image-preview:large, max-video-preview:-1\" \/>\n<link rel=\"canonical\" href=\"https:\/\/www.fotografo-profesional.net\/diario\/2020\/01\/28\/fotografia-de-boda-con-ninos\/\" \/>\n<meta property=\"og:locale\" content=\"es_ES\" \/>\n<meta property=\"og:type\" content=\"article\" \/>\n<meta property=\"og:title\" content=\"Fotograf\u00eda de boda con ni\u00f1os - Luis Miguel del Campo\" \/>\n<meta property=\"og:description\" content=\"La fotograf\u00eda de boda con ni\u00f1os puede salvar cualquier reportaje de resultar demasiado serio y aburrido, pues los peque\u00f1os te pueden dar fant\u00e1ticas fotos.\" \/>\n<meta property=\"og:url\" content=\"https:\/\/www.fotografo-profesional.net\/diario\/2020\/01\/28\/fotografia-de-boda-con-ninos\/\" \/>\n<meta property=\"og:site_name\" content=\"Luis Miguel del Campo\" \/>\n<meta property=\"article:published_time\" content=\"2020-01-28T07:05:50+00:00\" \/>\n<meta property=\"article:modified_time\" content=\"2020-01-28T07:05:52+00:00\" \/>\n<meta property=\"og:image\" content=\"https:\/\/www.fotografo-profesional.net\/diario\/wp-content\/uploads\/2020\/01\/Fot\u00f3grafo-profesional-en-Madrid-LMC-0062.jpg\" \/>\n\t<meta property=\"og:image:width\" content=\"600\" \/>\n\t<meta property=\"og:image:height\" content=\"451\" \/>\n\t<meta property=\"og:image:type\" content=\"image\/jpeg\" \/>\n<meta name=\"author\" content=\"Luis Miguel del Campo\" \/>\n<meta name=\"twitter:card\" content=\"summary_large_image\" \/>\n<meta name=\"twitter:label1\" content=\"Escrito por\" \/>\n\t<meta name=\"twitter:data1\" content=\"Luis Miguel del Campo\" \/>\n\t<meta name=\"twitter:label2\" content=\"Tiempo de lectura\" \/>\n\t<meta name=\"twitter:data2\" content=\"2 minutos\" \/>\n<script type=\"application\/ld+json\" class=\"yoast-schema-graph\">{\"@context\":\"https:\/\/schema.org\",\"@graph\":[{\"@type\":\"WebPage\",\"@id\":\"https:\/\/www.fotografo-profesional.net\/diario\/2020\/01\/28\/fotografia-de-boda-con-ninos\/\",\"url\":\"https:\/\/www.fotografo-profesional.net\/diario\/2020\/01\/28\/fotografia-de-boda-con-ninos\/\",\"name\":\"Fotograf\u00eda de boda con ni\u00f1os - Luis Miguel del Campo\",\"isPartOf\":{\"@id\":\"https:\/\/www.fotografo-profesional.net\/diario\/#website\"},\"datePublished\":\"2020-01-28T07:05:50+00:00\",\"dateModified\":\"2020-01-28T07:05:52+00:00\",\"author\":{\"@id\":\"https:\/\/www.fotografo-profesional.net\/diario\/#\/schema\/person\/220504871d765b4c30a0af1d2fe93533\"},\"description\":\"La fotograf\u00eda de boda con ni\u00f1os puede salvar cualquier reportaje de resultar demasiado serio y aburrido, pues los peque\u00f1os te pueden dar fant\u00e1ticas fotos.\",\"breadcrumb\":{\"@id\":\"https:\/\/www.fotografo-profesional.net\/diario\/2020\/01\/28\/fotografia-de-boda-con-ninos\/#breadcrumb\"},\"inLanguage\":\"es\",\"potentialAction\":[{\"@type\":\"ReadAction\",\"target\":[\"https:\/\/www.fotografo-profesional.net\/diario\/2020\/01\/28\/fotografia-de-boda-con-ninos\/\"]}]},{\"@type\":\"BreadcrumbList\",\"@id\":\"https:\/\/www.fotografo-profesional.net\/diario\/2020\/01\/28\/fotografia-de-boda-con-ninos\/#breadcrumb\",\"itemListElement\":[{\"@type\":\"ListItem\",\"position\":1,\"name\":\"Inicio\",\"item\":\"https:\/\/www.fotografo-profesional.net\/diario\/\"},{\"@type\":\"ListItem\",\"position\":2,\"name\":\"Fotograf\u00eda de boda con ni\u00f1os\"}]},{\"@type\":\"WebSite\",\"@id\":\"https:\/\/www.fotografo-profesional.net\/diario\/#website\",\"url\":\"https:\/\/www.fotografo-profesional.net\/diario\/\",\"name\":\"Luis Miguel del Campo\",\"description\":\"Blog de un fot\u00f3grafo profesional\",\"potentialAction\":[{\"@type\":\"SearchAction\",\"target\":{\"@type\":\"EntryPoint\",\"urlTemplate\":\"https:\/\/www.fotografo-profesional.net\/diario\/?s={search_term_string}\"},\"query-input\":\"required name=search_term_string\"}],\"inLanguage\":\"es\"},{\"@type\":\"Person\",\"@id\":\"https:\/\/www.fotografo-profesional.net\/diario\/#\/schema\/person\/220504871d765b4c30a0af1d2fe93533\",\"name\":\"Luis Miguel del Campo\",\"image\":{\"@type\":\"ImageObject\",\"inLanguage\":\"es\",\"@id\":\"https:\/\/www.fotografo-profesional.net\/diario\/#\/schema\/person\/image\/\",\"url\":\"https:\/\/secure.gravatar.com\/avatar\/84bb1120095136de86f122a882a42d61?s=96&d=mm&r=g\",\"contentUrl\":\"https:\/\/secure.gravatar.com\/avatar\/84bb1120095136de86f122a882a42d61?s=96&d=mm&r=g\",\"caption\":\"Luis Miguel del Campo\"},\"url\":\"https:\/\/www.fotografo-profesional.net\/diario\/author\/admin_lmdc\/\"}]}<\/script>\n<!-- \/ Yoast SEO plugin. -->","yoast_head_json":{"title":"Fotograf\u00eda de boda con ni\u00f1os - Luis Miguel del Campo","description":"La fotograf\u00eda de boda con ni\u00f1os puede salvar cualquier reportaje de resultar demasiado serio y aburrido, pues los peque\u00f1os te pueden dar fant\u00e1ticas fotos.","robots":{"index":"index","follow":"follow","max-snippet":"max-snippet:-1","max-image-preview":"max-image-preview:large","max-video-preview":"max-video-preview:-1"},"canonical":"https:\/\/www.fotografo-profesional.net\/diario\/2020\/01\/28\/fotografia-de-boda-con-ninos\/","og_locale":"es_ES","og_type":"article","og_title":"Fotograf\u00eda de boda con ni\u00f1os - Luis Miguel del Campo","og_description":"La fotograf\u00eda de boda con ni\u00f1os puede salvar cualquier reportaje de resultar demasiado serio y aburrido, pues los peque\u00f1os te pueden dar fant\u00e1ticas fotos.","og_url":"https:\/\/www.fotografo-profesional.net\/diario\/2020\/01\/28\/fotografia-de-boda-con-ninos\/","og_site_name":"Luis Miguel del Campo","article_published_time":"2020-01-28T07:05:50+00:00","article_modified_time":"2020-01-28T07:05:52+00:00","og_image":[{"width":600,"height":451,"url":"https:\/\/www.fotografo-profesional.net\/diario\/wp-content\/uploads\/2020\/01\/Fot\u00f3grafo-profesional-en-Madrid-LMC-0062.jpg","type":"image\/jpeg"}],"author":"Luis Miguel del Campo","twitter_card":"summary_large_image","twitter_misc":{"Escrito por":"Luis Miguel del Campo","Tiempo de lectura":"2 minutos"},"schema":{"@context":"https:\/\/schema.org","@graph":[{"@type":"WebPage","@id":"https:\/\/www.fotografo-profesional.net\/diario\/2020\/01\/28\/fotografia-de-boda-con-ninos\/","url":"https:\/\/www.fotografo-profesional.net\/diario\/2020\/01\/28\/fotografia-de-boda-con-ninos\/","name":"Fotograf\u00eda de boda con ni\u00f1os - Luis Miguel del Campo","isPartOf":{"@id":"https:\/\/www.fotografo-profesional.net\/diario\/#website"},"datePublished":"2020-01-28T07:05:50+00:00","dateModified":"2020-01-28T07:05:52+00:00","author":{"@id":"https:\/\/www.fotografo-profesional.net\/diario\/#\/schema\/person\/220504871d765b4c30a0af1d2fe93533"},"description":"La fotograf\u00eda de boda con ni\u00f1os puede salvar cualquier reportaje de resultar demasiado serio y aburrido, pues los peque\u00f1os te pueden dar fant\u00e1ticas fotos.","breadcrumb":{"@id":"https:\/\/www.fotografo-profesional.net\/diario\/2020\/01\/28\/fotografia-de-boda-con-ninos\/#breadcrumb"},"inLanguage":"es","potentialAction":[{"@type":"ReadAction","target":["https:\/\/www.fotografo-profesional.net\/diario\/2020\/01\/28\/fotografia-de-boda-con-ninos\/"]}]},{"@type":"BreadcrumbList","@id":"https:\/\/www.fotografo-profesional.net\/diario\/2020\/01\/28\/fotografia-de-boda-con-ninos\/#breadcrumb","itemListElement":[{"@type":"ListItem","position":1,"name":"Inicio","item":"https:\/\/www.fotografo-profesional.net\/diario\/"},{"@type":"ListItem","position":2,"name":"Fotograf\u00eda de boda con ni\u00f1os"}]},{"@type":"WebSite","@id":"https:\/\/www.fotografo-profesional.net\/diario\/#website","url":"https:\/\/www.fotografo-profesional.net\/diario\/","name":"Luis Miguel del Campo","description":"Blog de un fot\u00f3grafo profesional","potentialAction":[{"@type":"SearchAction","target":{"@type":"EntryPoint","urlTemplate":"https:\/\/www.fotografo-profesional.net\/diario\/?s={search_term_string}"},"query-input":"required name=search_term_string"}],"inLanguage":"es"},{"@type":"Person","@id":"https:\/\/www.fotografo-profesional.net\/diario\/#\/schema\/person\/220504871d765b4c30a0af1d2fe93533","name":"Luis Miguel del Campo","image":{"@type":"ImageObject","inLanguage":"es","@id":"https:\/\/www.fotografo-profesional.net\/diario\/#\/schema\/person\/image\/","url":"https:\/\/secure.gravatar.com\/avatar\/84bb1120095136de86f122a882a42d61?s=96&d=mm&r=g","contentUrl":"https:\/\/secure.gravatar.com\/avatar\/84bb1120095136de86f122a882a42d61?s=96&d=mm&r=g","caption":"Luis Miguel del Campo"},"url":"https:\/\/www.fotografo-profesional.net\/diario\/author\/admin_lmdc\/"}]}},"_links":{"self":[{"href":"https:\/\/www.fotografo-profesional.net\/diario\/wp-json\/wp\/v2\/posts\/996"}],"collection":[{"href":"https:\/\/www.fotografo-profesional.net\/diario\/wp-json\/wp\/v2\/posts"}],"about":[{"href":"https:\/\/www.fotografo-profesional.net\/diario\/wp-json\/wp\/v2\/types\/post"}],"author":[{"embeddable":true,"href":"https:\/\/www.fotografo-profesional.net\/diario\/wp-json\/wp\/v2\/users\/2"}],"replies":[{"embeddable":true,"href":"https:\/\/www.fotografo-profesional.net\/diario\/wp-json\/wp\/v2\/comments?post=996"}],"version-history":[{"count":2,"href":"https:\/\/www.fotografo-profesional.net\/diario\/wp-json\/wp\/v2\/posts\/996\/revisions"}],"predecessor-version":[{"id":1003,"href":"https:\/\/www.fotografo-profesional.net\/diario\/wp-json\/wp\/v2\/posts\/996\/revisions\/1003"}],"wp:featuredmedia":[{"embeddable":true,"href":"https:\/\/www.fotografo-profesional.net\/diario\/wp-json\/wp\/v2\/media\/1002"}],"wp:attachment":[{"href":"https:\/\/www.fotografo-profesional.net\/diario\/wp-json\/wp\/v2\/media?parent=996"}],"wp:term":[{"taxonomy":"category","embeddable":true,"href":"https:\/\/www.fotografo-profesional.net\/diario\/wp-json\/wp\/v2\/categories?post=996"},{"taxonomy":"post_tag","embeddable":true,"href":"https:\/\/www.fotografo-profesional.net\/diario\/wp-json\/wp\/v2\/tags?post=996"}],"curies":[{"name":"wp","href":"https:\/\/api.w.org\/{rel}","templated":true}]}}